{"id":16268,"date":"2020-07-09T08:46:06","date_gmt":"2020-07-09T08:46:06","guid":{"rendered":"http:\/\/www.camioliba.cat\/pack-montserrat-vic-5-nits-copy\/"},"modified":"2021-03-25T22:45:10","modified_gmt":"2021-03-25T22:45:10","slug":"pack-montserrat-vic-4-dies-nits","status":"publish","type":"post","link":"https:\/\/www.camioliba.cat\/es\/pack-montserrat-vic-4-dies-nits\/","title":{"rendered":"Pack Oliba: Tramo Montserrat-Vic (4 noches\/4 d\u00edas de ruta)"},"content":{"rendered":"<div class=\"wpb-content-wrapper\"><p>[vc_row][vc_column][vc_column_text]Sigue las pisadas del obispo y abad Oliba, desde Montserrat (sede espiritual) hasta la majestuosa ciudad de Vic. Un camino donde tambi\u00e9n disfrutar\u00e1s de Manresa, en el coraz\u00f3n de Catalunya, pasear\u00e1s por campos de vi\u00f1edos y descubrir\u00e1s peque\u00f1os pueblos con encanto como l&#8217;Estany.[\/vc_column_text][vc_empty_space height=\u00bb22px\u00bb][vc_column_text]<\/p>\n<h2 class=\"titol2\">TRAMO 1 MONTSERRAT &#8211; VIC<\/h2>\n<p>[\/vc_column_text][\/vc_column][\/vc_row][vc_row el_class=\u00bbpreus\u00bb][vc_column][vc_column_text]<\/p>\n<h2 class=\"titol2\">ANEXO : PRECIO Y CONDICIONES DE RESERVA<\/h2>\n<p>[\/vc_column_text][vc_row_inner][vc_column_inner width=\u00bb1\/2&#8243;][vc_column_text]<strong>PRECIO POR PERSONA: 395,00\u20ac<\/strong>[\/vc_column_text][\/vc_column_inner][vc_column_inner width=\u00bb1\/2&#8243;][vc_column_text]<strong>El precio incluye:<\/strong><br \/>\n-Alojamiento con almuerzo en habitaci\u00f3n doble<br \/>\n&#8211; Comida tipo pic-nic<br \/>\n&#8211; 3 cenas<br \/>\n-Libro de ruta<\/p>\n<p><strong>No incluye:<\/strong><br \/>\n\u2013 Traslado equipajes (bajo petici\u00f3n)<br \/>\n-Gu\u00eda (bajo petici\u00f3n)[\/vc_column_text][\/vc_column_inner][\/vc_row_inner][\/vc_column][\/vc_row][vc_row][vc_column width=\u00bb1\/2&#8243;][\/vc_column][vc_column width=\u00bb1\/2&#8243;][vc_empty_space][\/vc_column][\/vc_row][vc_row][vc_column][vc_column_text]<\/p>\n<p style=\"text-align: center;\">Para m\u00e1s informaci\u00f3n:<br \/>\nT. 936 766 568 \u00b7\u00a0 <span lang=\"ES\"><a href=\"mailto:info@moiatravel.com\" target=\"_blank\" rel=\"noopener noreferrer\"><span lang=\"CA\">info@moiatravel.com<\/span><\/a><\/span><span lang=\"ES\"> \u00b7\u00a0<a href=\"http:\/\/www.gocatalunya.es\" target=\"_blank\" rel=\"noopener noreferrer\"><span lang=\"CA\">www.gocatalunya.es<\/span><\/a><\/span>\u00b7\u00a0<span lang=\"ES\"><a href=\"http:\/\/www.moiatravel.com\/\" target=\"_blank\" rel=\"noopener noreferrer\"><span lang=\"CA\">www.moiatravel.com<\/span><\/a><\/span><\/p>\n<p><img loading=\"lazy\" decoding=\"async\" class=\" wp-image-16108 aligncenter\" src=\"https:\/\/www.camioliba.cat\/wp-content\/uploads\/2020\/05\/moia-travel.jpg\" alt=\"\" width=\"207\" height=\"78\" srcset=\"https:\/\/www.camioliba.cat\/wp-content\/uploads\/2020\/05\/moia-travel.jpg 366w, https:\/\/www.camioliba.cat\/wp-content\/uploads\/2020\/05\/moia-travel-300x113.jpg 300w\" sizes=\"auto, (max-width: 207px) 100vw, 207px\" \/>[\/vc_column_text][vc_empty_space height=\u00bb62px\u00bb][\/vc_column][\/vc_row]<\/p>\n<\/div>","protected":false},"excerpt":{"rendered":"<p>Activa&#8217;t fent el Cam\u00ed Oliba que et permetr\u00e0 descobrir algunes joies del rom\u00e0nic catal\u00e0. Podr\u00e0s descobrir els monestirs de Sant Pere de Casserres, Ripoll o Sant Joan de les Abadesses.<\/p>\n","protected":false},"author":2,"featured_media":15140,"comment_status":"open","ping_status":"open","sticky":false,"template":"","format":"standard","meta":{"_acf_changed":false,"footnotes":""},"categories":[139,156,86],"tags":[],"class_list":["post-16268","post","type-post","status-publish","format-standard","has-post-thumbnail","hentry","category-4-dias","category-paquetes-turisticos","category-propostes-es"],"acf":[],"_links":{"self":[{"href":"https:\/\/www.camioliba.cat\/es\/wp-json\/wp\/v2\/posts\/16268","targetHints":{"allow":["GET"]}}],"collection":[{"href":"https:\/\/www.camioliba.cat\/es\/wp-json\/wp\/v2\/posts"}],"about":[{"href":"https:\/\/www.camioliba.cat\/es\/wp-json\/wp\/v2\/types\/post"}],"author":[{"embeddable":true,"href":"https:\/\/www.camioliba.cat\/es\/wp-json\/wp\/v2\/users\/2"}],"replies":[{"embeddable":true,"href":"https:\/\/www.camioliba.cat\/es\/wp-json\/wp\/v2\/comments?post=16268"}],"version-history":[{"count":3,"href":"https:\/\/www.camioliba.cat\/es\/wp-json\/wp\/v2\/posts\/16268\/revisions"}],"predecessor-version":[{"id":20341,"href":"https:\/\/www.camioliba.cat\/es\/wp-json\/wp\/v2\/posts\/16268\/revisions\/20341"}],"wp:featuredmedia":[{"embeddable":true,"href":"https:\/\/www.camioliba.cat\/es\/wp-json\/wp\/v2\/media\/15140"}],"wp:attachment":[{"href":"https:\/\/www.camioliba.cat\/es\/wp-json\/wp\/v2\/media?parent=16268"}],"wp:term":[{"taxonomy":"category","embeddable":true,"href":"https:\/\/www.camioliba.cat\/es\/wp-json\/wp\/v2\/categories?post=16268"},{"taxonomy":"post_tag","embeddable":true,"href":"https:\/\/www.camioliba.cat\/es\/wp-json\/wp\/v2\/tags?post=16268"}],"curies":[{"name":"wp","href":"https:\/\/api.w.org\/{rel}","templated":true}]}}