{"id":14828,"date":"2019-11-18T09:43:26","date_gmt":"2019-11-18T09:43:26","guid":{"rendered":"http:\/\/www.camioliba.cat\/una-vintena-de-persones-participen-a-la-v-caminada-oliba\/"},"modified":"2019-11-18T09:55:44","modified_gmt":"2019-11-18T09:55:44","slug":"una-veintena-de-personas-participan-en-la-v-caminada-oliba","status":"publish","type":"post","link":"https:\/\/www.camioliba.cat\/es\/una-veintena-de-personas-participan-en-la-v-caminada-oliba\/","title":{"rendered":"Una veintena de personas participan en la V Caminada Oliba"},"content":{"rendered":"<p>El pasado domingo 17 de noviembre, una veintena de personas asistieron a la V Caminada Oliba, organizada por Osona Turisme con el soporte de l&#8217;Associaci\u00f3 Rutes del Rom\u00e0nic.<\/p>\n<p>A las 8.00 del ma\u00f1ana, los participantes se encontraron en la Plaza Doctor Montmany de Sant Pere de Torell\u00f3 e iniciaron el tramo del Cam\u00ed que los llev\u00f3 hasta Santa Maria de Besora.<\/p>\n<p>La excursi\u00f3n cont\u00f3 con gu\u00edas de la empresa Muntanya i natura, que los acompa\u00f1aron hasta el Santuario Santuari de Bellmunt, donde hicieron parada para desayunar y acto seguido continuaron hasta finalizar en Santa Maria de Besora. All\u00ed les hicieron una explicaci\u00f3n sobre el Castillo de Besora.<\/p>\n<p>Est\u00e1 previsto que en 2020 se organice una nueva edici\u00f3n de la Caminada Oliba, que tendr\u00e1 lugar en el Ripoll\u00e8s.<\/p>\n<p><img loading=\"lazy\" decoding=\"async\" class=\"alignnone size-medium wp-image-14813\" src=\"https:\/\/www.camioliba.cat\/wp-content\/uploads\/2019\/11\/9bfa46e8-ab32-4a31-8de4-611135d48bb4-300x225.jpg\" alt=\"\" width=\"300\" height=\"225\" srcset=\"https:\/\/www.camioliba.cat\/wp-content\/uploads\/2019\/11\/9bfa46e8-ab32-4a31-8de4-611135d48bb4-300x225.jpg 300w, https:\/\/www.camioliba.cat\/wp-content\/uploads\/2019\/11\/9bfa46e8-ab32-4a31-8de4-611135d48bb4-768x576.jpg 768w, https:\/\/www.camioliba.cat\/wp-content\/uploads\/2019\/11\/9bfa46e8-ab32-4a31-8de4-611135d48bb4-1024x768.jpg 1024w, https:\/\/www.camioliba.cat\/wp-content\/uploads\/2019\/11\/9bfa46e8-ab32-4a31-8de4-611135d48bb4-1320x990.jpg 1320w, https:\/\/www.camioliba.cat\/wp-content\/uploads\/2019\/11\/9bfa46e8-ab32-4a31-8de4-611135d48bb4.jpg 2048w\" sizes=\"auto, (max-width: 300px) 100vw, 300px\" \/> <img loading=\"lazy\" decoding=\"async\" class=\"alignnone size-medium wp-image-14817\" src=\"https:\/\/www.camioliba.cat\/wp-content\/uploads\/2019\/11\/aa4a09b5-1b84-4676-8a04-8b7cac57eaf3-300x225.jpg\" alt=\"\" width=\"300\" height=\"225\" srcset=\"https:\/\/www.camioliba.cat\/wp-content\/uploads\/2019\/11\/aa4a09b5-1b84-4676-8a04-8b7cac57eaf3-300x225.jpg 300w, https:\/\/www.camioliba.cat\/wp-content\/uploads\/2019\/11\/aa4a09b5-1b84-4676-8a04-8b7cac57eaf3-768x576.jpg 768w, https:\/\/www.camioliba.cat\/wp-content\/uploads\/2019\/11\/aa4a09b5-1b84-4676-8a04-8b7cac57eaf3-1024x768.jpg 1024w, https:\/\/www.camioliba.cat\/wp-content\/uploads\/2019\/11\/aa4a09b5-1b84-4676-8a04-8b7cac57eaf3-1320x990.jpg 1320w, https:\/\/www.camioliba.cat\/wp-content\/uploads\/2019\/11\/aa4a09b5-1b84-4676-8a04-8b7cac57eaf3.jpg 2048w\" sizes=\"auto, (max-width: 300px) 100vw, 300px\" \/><\/p>\n","protected":false},"excerpt":{"rendered":"<p>El pasado domingo 17 de noviembre, una veintena de personas asistieron a la V Caminada Oliba, organizada por Osona Turisme con el soporte de l&#8217;Associaci\u00f3 Rutes del Rom\u00e0nic. A las 8.00 del ma\u00f1ana, los participantes se encontraron en la Plaza Doctor Montmany de Sant Pere de Torell\u00f3 e iniciaron el tramo del Cam\u00ed que los&hellip;<\/p>\n","protected":false},"author":2,"featured_media":14824,"comment_status":"open","ping_status":"open","sticky":false,"template":"","format":"standard","meta":{"_acf_changed":false,"footnotes":""},"categories":[83],"tags":[],"class_list":["post-14828","post","type-post","status-publish","format-standard","has-post-thumbnail","hentry","category-actualitat-es"],"acf":[],"_links":{"self":[{"href":"https:\/\/www.camioliba.cat\/es\/wp-json\/wp\/v2\/posts\/14828","targetHints":{"allow":["GET"]}}],"collection":[{"href":"https:\/\/www.camioliba.cat\/es\/wp-json\/wp\/v2\/posts"}],"about":[{"href":"https:\/\/www.camioliba.cat\/es\/wp-json\/wp\/v2\/types\/post"}],"author":[{"embeddable":true,"href":"https:\/\/www.camioliba.cat\/es\/wp-json\/wp\/v2\/users\/2"}],"replies":[{"embeddable":true,"href":"https:\/\/www.camioliba.cat\/es\/wp-json\/wp\/v2\/comments?post=14828"}],"version-history":[{"count":1,"href":"https:\/\/www.camioliba.cat\/es\/wp-json\/wp\/v2\/posts\/14828\/revisions"}],"predecessor-version":[{"id":14831,"href":"https:\/\/www.camioliba.cat\/es\/wp-json\/wp\/v2\/posts\/14828\/revisions\/14831"}],"wp:featuredmedia":[{"embeddable":true,"href":"https:\/\/www.camioliba.cat\/es\/wp-json\/wp\/v2\/media\/14824"}],"wp:attachment":[{"href":"https:\/\/www.camioliba.cat\/es\/wp-json\/wp\/v2\/media?parent=14828"}],"wp:term":[{"taxonomy":"category","embeddable":true,"href":"https:\/\/www.camioliba.cat\/es\/wp-json\/wp\/v2\/categories?post=14828"},{"taxonomy":"post_tag","embeddable":true,"href":"https:\/\/www.camioliba.cat\/es\/wp-json\/wp\/v2\/tags?post=14828"}],"curies":[{"name":"wp","href":"https:\/\/api.w.org\/{rel}","templated":true}]}}