{"id":12666,"date":"2017-07-03T09:03:08","date_gmt":"2017-07-03T09:03:08","guid":{"rendered":"http:\/\/www.camioliba.cat\/el-consell-comarcal-del-moianes-sadhereix-a-lassociacio-rutes-del-romanic\/"},"modified":"2017-07-03T09:04:20","modified_gmt":"2017-07-03T09:04:20","slug":"el-consell-comarcal-del-moianes-sadhereix-a-lassociacio-rutes-del-romanic","status":"publish","type":"post","link":"https:\/\/www.camioliba.cat\/es\/el-consell-comarcal-del-moianes-sadhereix-a-lassociacio-rutes-del-romanic\/","title":{"rendered":"El Consell Comarcal del Moian\u00e8s se adhiere a la Associaci\u00f3 Rutes del Rom\u00e0nic"},"content":{"rendered":"<p><span style=\"font-family: 'Georgia','serif'; color: #333333;\">Desde el pasado mes de junio, la\u00a0<em><span style=\"font-family: 'Georgia','serif';\">Associaci\u00f3 Rutes del Rom\u00e0nic<\/span><\/em>\u00a0tiene un nuevo miembro. Se trata de el\u00a0\u00a0<em><span style=\"font-family: 'Georgia','serif';\">Consell Comarcal del Moian\u00e8s,<\/span><\/em>\u00a0que junto con los\u00a0<em><span style=\"font-family: 'Georgia','serif';\">Consells Comarcals<\/span><\/em>\u00a0del Bages, Osona y el Ripoll\u00e8sy los ayuntamientos\u00a0de Manresa, Vic, Ripoll y Sant Joan de les Abadesses, se encargar\u00e1 de la promoci\u00f3n de\u00a0dicha ruta.<\/span><\/p>\n<p style=\"font-variant-ligatures: normal; font-variant-caps: normal; orphans: 2; text-align: start; widows: 2; -webkit-text-stroke-width: 0px; text-decoration-style: initial; text-decoration-color: initial; word-spacing: 0px;\"><span style=\"font-family: 'Georgia','serif'; color: #333333;\">El Cam\u00ed Oliba cruza\u00a0los municipips de l&#8217;Estany, Santa Maria d&#8217;Ol\u00f3 y Calders. M\u00e1s informaci\u00f3n en el apartado de etapas de esta misma web.<\/span><\/p>\n","protected":false},"excerpt":{"rendered":"<p>Desde el pasado mes de junio, la\u00a0Associaci\u00f3 Rutes del Rom\u00e0nic\u00a0tiene un nuevo miembro. Se trata de el\u00a0\u00a0Consell Comarcal del Moian\u00e8s,\u00a0que junto con los\u00a0Consells Comarcals\u00a0del Bages, Osona y el Ripoll\u00e8sy los ayuntamientos\u00a0de Manresa, Vic, Ripoll y Sant Joan de les Abadesses, se encargar\u00e1 de la promoci\u00f3n de\u00a0dicha ruta. El Cam\u00ed Oliba cruza\u00a0los municipips de l&#8217;Estany, Santa&hellip;<\/p>\n","protected":false},"author":2,"featured_media":0,"comment_status":"open","ping_status":"open","sticky":false,"template":"","format":"standard","meta":{"_acf_changed":false,"footnotes":""},"categories":[83],"tags":[],"class_list":["post-12666","post","type-post","status-publish","format-standard","hentry","category-actualitat-es"],"acf":[],"_links":{"self":[{"href":"https:\/\/www.camioliba.cat\/es\/wp-json\/wp\/v2\/posts\/12666","targetHints":{"allow":["GET"]}}],"collection":[{"href":"https:\/\/www.camioliba.cat\/es\/wp-json\/wp\/v2\/posts"}],"about":[{"href":"https:\/\/www.camioliba.cat\/es\/wp-json\/wp\/v2\/types\/post"}],"author":[{"embeddable":true,"href":"https:\/\/www.camioliba.cat\/es\/wp-json\/wp\/v2\/users\/2"}],"replies":[{"embeddable":true,"href":"https:\/\/www.camioliba.cat\/es\/wp-json\/wp\/v2\/comments?post=12666"}],"version-history":[{"count":1,"href":"https:\/\/www.camioliba.cat\/es\/wp-json\/wp\/v2\/posts\/12666\/revisions"}],"predecessor-version":[{"id":12667,"href":"https:\/\/www.camioliba.cat\/es\/wp-json\/wp\/v2\/posts\/12666\/revisions\/12667"}],"wp:attachment":[{"href":"https:\/\/www.camioliba.cat\/es\/wp-json\/wp\/v2\/media?parent=12666"}],"wp:term":[{"taxonomy":"category","embeddable":true,"href":"https:\/\/www.camioliba.cat\/es\/wp-json\/wp\/v2\/categories?post=12666"},{"taxonomy":"post_tag","embeddable":true,"href":"https:\/\/www.camioliba.cat\/es\/wp-json\/wp\/v2\/tags?post=12666"}],"curies":[{"name":"wp","href":"https:\/\/api.w.org\/{rel}","templated":true}]}}